{"id":6904,"date":"2025-03-06T12:09:45","date_gmt":"2025-03-06T11:09:45","guid":{"rendered":"https:\/\/www.libertebko.org\/?p=6904"},"modified":"2025-03-06T12:10:30","modified_gmt":"2025-03-06T11:10:30","slug":"desmnu-2025-rabat-maroc","status":"publish","type":"post","link":"https:\/\/www.libertebko.org\/?p=6904","title":{"rendered":"DESMNU 2025, Rabat Maroc"},"content":{"rendered":"\n<p><strong>Les \u00e9l\u00e8ves du Lyc\u00e9e Libert\u00e9 brillent au Model United Nations au Maroc.<\/strong><\/p>\n\n\n\n<p>Les \u00e9l\u00e8ves du Lyc\u00e9e Libert\u00e9 de Bamako ont particip\u00e9 cette semaine au prestigieux Model United Nations (MUN) organis\u00e9 \u00e0 Rabat au Maroc. Cet \u00e9v\u00e9nement, r\u00e9unissant de jeunes d\u00e9l\u00e9gu\u00e9s du monde entier, leur a permis de d\u00e9battre, n\u00e9gocier et d\u00e9fendre les positions de diff\u00e9rents pays sur des enjeux internationaux majeurs.<\/p>\n\n\n\n<p>Avec rigueur et \u00e9loquence, nos \u00e9l\u00e8ves ont su se d\u00e9marquer parmi les participants et <strong>ont remport\u00e9 sept distinctions sur les douze comit\u00e9s en comp\u00e9tition.<\/strong> Un r\u00e9sultat remarquable qui t\u00e9moigne de leur engagement, de leur capacit\u00e9 d\u2019analyse et de leur talent oratoire.<\/p>\n\n\n\n<p>Cette exp\u00e9rience a non seulement enrichi leurs connaissances en diplomatie et en relations internationales, mais a \u00e9galement renforc\u00e9 leur esprit d\u2019\u00e9quipe et leur confiance en eux. F\u00e9licitations \u00e0 nos brillants repr\u00e9sentants pour leur performance exceptionnelle et leur engagement dans cette aventure intellectuelle et humaine !<\/p>\n\n\n\n<p>Le Lyc\u00e9e Libert\u00e9 continue de promouvoir l\u2019excellence et l\u2019ouverture sur le monde \u00e0 travers de telles initiatives internationales.<\/p>\n\n\n\n<figure class=\"wp-block-image size-large\"><img loading=\"lazy\" decoding=\"async\" width=\"1137\" height=\"853\" src=\"https:\/\/www.libertebko.org\/wp-content\/uploads\/2025\/03\/Photo-5-edited.jpg\" alt=\"\" class=\"wp-image-6911\" srcset=\"https:\/\/www.libertebko.org\/wp-content\/uploads\/2025\/03\/Photo-5-edited.jpg 1137w, https:\/\/www.libertebko.org\/wp-content\/uploads\/2025\/03\/Photo-5-edited-300x225.jpg 300w, https:\/\/www.libertebko.org\/wp-content\/uploads\/2025\/03\/Photo-5-edited-1024x768.jpg 1024w, https:\/\/www.libertebko.org\/wp-content\/uploads\/2025\/03\/Photo-5-edited-768x576.jpg 768w\" sizes=\"auto, (max-width: 1137px) 100vw, 1137px\" \/><\/figure>\n\n\n\n<figure class=\"wp-block-gallery has-nested-images columns-default is-cropped wp-block-gallery-1 is-layout-flex wp-block-gallery-is-layout-flex\">\n<figure class=\"wp-block-image size-large is-style-default\"><img loading=\"lazy\" decoding=\"async\" width=\"576\" height=\"1024\" data-id=\"6905\" src=\"https:\/\/www.libertebko.org\/wp-content\/uploads\/2025\/03\/Photo-8-576x1024.jpg\" alt=\"\" class=\"wp-image-6905\" srcset=\"https:\/\/www.libertebko.org\/wp-content\/uploads\/2025\/03\/Photo-8-576x1024.jpg 576w, https:\/\/www.libertebko.org\/wp-content\/uploads\/2025\/03\/Photo-8-169x300.jpg 169w, https:\/\/www.libertebko.org\/wp-content\/uploads\/2025\/03\/Photo-8-768x1365.jpg 768w, https:\/\/www.libertebko.org\/wp-content\/uploads\/2025\/03\/Photo-8-864x1536.jpg 864w, https:\/\/www.libertebko.org\/wp-content\/uploads\/2025\/03\/Photo-8.jpg 900w\" sizes=\"auto, (max-width: 576px) 100vw, 576px\" \/><\/figure>\n\n\n\n<figure class=\"wp-block-image size-large\"><img loading=\"lazy\" decoding=\"async\" width=\"1024\" height=\"768\" data-id=\"6908\" src=\"https:\/\/www.libertebko.org\/wp-content\/uploads\/2025\/03\/Photo-4-1024x768.jpg\" alt=\"\" class=\"wp-image-6908\" srcset=\"https:\/\/www.libertebko.org\/wp-content\/uploads\/2025\/03\/Photo-4-1024x768.jpg 1024w, https:\/\/www.libertebko.org\/wp-content\/uploads\/2025\/03\/Photo-4-300x225.jpg 300w, https:\/\/www.libertebko.org\/wp-content\/uploads\/2025\/03\/Photo-4-768x576.jpg 768w, https:\/\/www.libertebko.org\/wp-content\/uploads\/2025\/03\/Photo-4.jpg 1280w\" sizes=\"auto, (max-width: 1024px) 100vw, 1024px\" \/><\/figure>\n\n\n\n<figure class=\"wp-block-image size-large\"><img loading=\"lazy\" decoding=\"async\" width=\"1024\" height=\"768\" data-id=\"6909\" src=\"https:\/\/www.libertebko.org\/wp-content\/uploads\/2025\/03\/Photo-3-1024x768.jpg\" alt=\"\" class=\"wp-image-6909\" srcset=\"https:\/\/www.libertebko.org\/wp-content\/uploads\/2025\/03\/Photo-3-1024x768.jpg 1024w, https:\/\/www.libertebko.org\/wp-content\/uploads\/2025\/03\/Photo-3-300x225.jpg 300w, https:\/\/www.libertebko.org\/wp-content\/uploads\/2025\/03\/Photo-3-768x576.jpg 768w, https:\/\/www.libertebko.org\/wp-content\/uploads\/2025\/03\/Photo-3.jpg 1280w\" sizes=\"auto, (max-width: 1024px) 100vw, 1024px\" \/><\/figure>\n\n\n\n<figure class=\"wp-block-image size-large\"><img loading=\"lazy\" decoding=\"async\" width=\"1024\" height=\"576\" data-id=\"6910\" src=\"https:\/\/www.libertebko.org\/wp-content\/uploads\/2025\/03\/Photo-1-1024x576.jpg\" alt=\"\" class=\"wp-image-6910\" srcset=\"https:\/\/www.libertebko.org\/wp-content\/uploads\/2025\/03\/Photo-1-1024x576.jpg 1024w, https:\/\/www.libertebko.org\/wp-content\/uploads\/2025\/03\/Photo-1-300x169.jpg 300w, https:\/\/www.libertebko.org\/wp-content\/uploads\/2025\/03\/Photo-1-768x432.jpg 768w, https:\/\/www.libertebko.org\/wp-content\/uploads\/2025\/03\/Photo-1-1536x864.jpg 1536w, https:\/\/www.libertebko.org\/wp-content\/uploads\/2025\/03\/Photo-1.jpg 1600w\" sizes=\"auto, (max-width: 1024px) 100vw, 1024px\" \/><\/figure>\n<\/figure>\n\n\n\n<p><\/p>\n","protected":false},"excerpt":{"rendered":"<p>Les \u00e9l\u00e8ves du Lyc\u00e9e Libert\u00e9 brillent au Model United Nations au Maroc. Les \u00e9l\u00e8ves du Lyc\u00e9e Libert\u00e9 de Bamako ont particip\u00e9 cette semaine au prestigieux Model United Nations (MUN) organis\u00e9 \u00e0 Rabat au Maroc. Cet \u00e9v\u00e9nement, r\u00e9unissant de jeunes d\u00e9l\u00e9gu\u00e9s du monde entier, leur a permis de d\u00e9battre, n\u00e9gocier et d\u00e9fendre les positions de diff\u00e9rents [&hellip;]<\/p>\n","protected":false},"author":3,"featured_media":6907,"comment_status":"closed","ping_status":"closed","sticky":false,"template":"","format":"standard","meta":{"footnotes":""},"categories":[259],"tags":[34,55,42,65,52,36,35,43,53],"class_list":["post-6904","post","type-post","status-publish","format-standard","has-post-thumbnail","hentry","category-annee-2024-2025","tag-aefe","tag-bamako","tag-ecole-francaise","tag-ecole-primaire","tag-etablissement-liberte","tag-etablissement-liberte-lycee-francais-bamako-ecole-francaise-liberte","tag-liberte","tag-lycee-francais","tag-mali"],"jetpack_featured_media_url":"https:\/\/www.libertebko.org\/wp-content\/uploads\/2025\/03\/Photo-5.jpg","_links":{"self":[{"href":"https:\/\/www.libertebko.org\/index.php?rest_route=\/wp\/v2\/posts\/6904","targetHints":{"allow":["GET"]}}],"collection":[{"href":"https:\/\/www.libertebko.org\/index.php?rest_route=\/wp\/v2\/posts"}],"about":[{"href":"https:\/\/www.libertebko.org\/index.php?rest_route=\/wp\/v2\/types\/post"}],"author":[{"embeddable":true,"href":"https:\/\/www.libertebko.org\/index.php?rest_route=\/wp\/v2\/users\/3"}],"replies":[{"embeddable":true,"href":"https:\/\/www.libertebko.org\/index.php?rest_route=%2Fwp%2Fv2%2Fcomments&post=6904"}],"version-history":[{"count":1,"href":"https:\/\/www.libertebko.org\/index.php?rest_route=\/wp\/v2\/posts\/6904\/revisions"}],"predecessor-version":[{"id":6912,"href":"https:\/\/www.libertebko.org\/index.php?rest_route=\/wp\/v2\/posts\/6904\/revisions\/6912"}],"wp:featuredmedia":[{"embeddable":true,"href":"https:\/\/www.libertebko.org\/index.php?rest_route=\/wp\/v2\/media\/6907"}],"wp:attachment":[{"href":"https:\/\/www.libertebko.org\/index.php?rest_route=%2Fwp%2Fv2%2Fmedia&parent=6904"}],"wp:term":[{"taxonomy":"category","embeddable":true,"href":"https:\/\/www.libertebko.org\/index.php?rest_route=%2Fwp%2Fv2%2Fcategories&post=6904"},{"taxonomy":"post_tag","embeddable":true,"href":"https:\/\/www.libertebko.org\/index.php?rest_route=%2Fwp%2Fv2%2Ftags&post=6904"}],"curies":[{"name":"wp","href":"https:\/\/api.w.org\/{rel}","templated":true}]}}