{"id":5629,"date":"2023-12-15T13:09:54","date_gmt":"2023-12-15T12:09:54","guid":{"rendered":"https:\/\/www.libertebko.org\/?p=5629"},"modified":"2023-12-15T14:48:24","modified_gmt":"2023-12-15T13:48:24","slug":"les-eleves-de-2nde-a-b-et-2nde-e-se-prononcent-en-espagnol","status":"publish","type":"post","link":"https:\/\/www.libertebko.org\/?p=5629","title":{"rendered":"Les \u00e9l\u00e8ves de 2nde A, B et 2nde E se prononcent en Espagnol!"},"content":{"rendered":"\n<p>Retrouvez la vid\u00e9o tourn\u00e9e par les \u00e9l\u00e8ves de seconde A, B et E dans le cadre d&rsquo;un projet de classe en espagnol. <\/p>\n\n\n\n<p>L&rsquo;objectif du jour \u00e9tait de <strong>S\u2019exprimer oralement en langue espagnole, en donnant son avis, son opinion sur un th\u00e8me\u00a0: \u00ab\u00a0Etre jeune aujourd\u2019hui qu\u2019est-ce que cela signifie pour toi\u00a0?\u00a0\u00bb<\/strong><\/p>\n\n\n\n<p>Bon visionnage! <\/p>\n\n\n\n<figure class=\"wp-block-video\"><video autoplay controls src=\"https:\/\/www.libertebko.org\/wp-content\/uploads\/2023\/12\/img-3252-copie_filgvWAX.mp4\"><\/video><\/figure>\n","protected":false},"excerpt":{"rendered":"<p>Retrouvez la vid\u00e9o tourn\u00e9e par les \u00e9l\u00e8ves de seconde A, B et E dans le cadre d&rsquo;un projet de classe en espagnol. L&rsquo;objectif du jour \u00e9tait de S\u2019exprimer oralement en langue espagnole, en donnant son avis, son opinion sur un th\u00e8me\u00a0: \u00ab\u00a0Etre jeune aujourd\u2019hui qu\u2019est-ce que cela signifie pour toi\u00a0?\u00a0\u00bb Bon visionnage!<\/p>\n","protected":false},"author":3,"featured_media":5632,"comment_status":"closed","ping_status":"closed","sticky":false,"template":"","format":"standard","meta":{"footnotes":""},"categories":[254,4],"tags":[34,55,42,65,36,35,43],"class_list":["post-5629","post","type-post","status-publish","format-standard","has-post-thumbnail","hentry","category-annee-2023-2024","category-bloc-accueil-principal","tag-aefe","tag-bamako","tag-ecole-francaise","tag-ecole-primaire","tag-etablissement-liberte-lycee-francais-bamako-ecole-francaise-liberte","tag-liberte","tag-lycee-francais"],"jetpack_featured_media_url":"https:\/\/www.libertebko.org\/wp-content\/uploads\/2023\/12\/2022-Carnaval-banniere.png","_links":{"self":[{"href":"https:\/\/www.libertebko.org\/index.php?rest_route=\/wp\/v2\/posts\/5629","targetHints":{"allow":["GET"]}}],"collection":[{"href":"https:\/\/www.libertebko.org\/index.php?rest_route=\/wp\/v2\/posts"}],"about":[{"href":"https:\/\/www.libertebko.org\/index.php?rest_route=\/wp\/v2\/types\/post"}],"author":[{"embeddable":true,"href":"https:\/\/www.libertebko.org\/index.php?rest_route=\/wp\/v2\/users\/3"}],"replies":[{"embeddable":true,"href":"https:\/\/www.libertebko.org\/index.php?rest_route=%2Fwp%2Fv2%2Fcomments&post=5629"}],"version-history":[{"count":3,"href":"https:\/\/www.libertebko.org\/index.php?rest_route=\/wp\/v2\/posts\/5629\/revisions"}],"predecessor-version":[{"id":5634,"href":"https:\/\/www.libertebko.org\/index.php?rest_route=\/wp\/v2\/posts\/5629\/revisions\/5634"}],"wp:featuredmedia":[{"embeddable":true,"href":"https:\/\/www.libertebko.org\/index.php?rest_route=\/wp\/v2\/media\/5632"}],"wp:attachment":[{"href":"https:\/\/www.libertebko.org\/index.php?rest_route=%2Fwp%2Fv2%2Fmedia&parent=5629"}],"wp:term":[{"taxonomy":"category","embeddable":true,"href":"https:\/\/www.libertebko.org\/index.php?rest_route=%2Fwp%2Fv2%2Fcategories&post=5629"},{"taxonomy":"post_tag","embeddable":true,"href":"https:\/\/www.libertebko.org\/index.php?rest_route=%2Fwp%2Fv2%2Ftags&post=5629"}],"curies":[{"name":"wp","href":"https:\/\/api.w.org\/{rel}","templated":true}]}}