{"id":4268,"date":"2022-05-26T20:20:00","date_gmt":"2022-05-26T18:20:00","guid":{"rendered":"https:\/\/www.libertebko.org\/?p=4268"},"modified":"2022-07-04T17:28:28","modified_gmt":"2022-07-04T15:28:28","slug":"carnaval-a-lelementaire","status":"publish","type":"post","link":"https:\/\/www.libertebko.org\/?p=4268","title":{"rendered":"Carnaval \u00e0 l&rsquo;\u00e9l\u00e9mentaire"},"content":{"rendered":"\n<p class=\"has-medium-font-size\">Le 11 f\u00e9vrier, les \u00e9l\u00e8ves de l&rsquo;\u00e9l\u00e9mentaire ont d\u00e9fil\u00e9 dans l&rsquo;\u00e9tablissement pour le carnaval. El\u00e8ves et enseignants ont redoubl\u00e9 de cr\u00e9ativit\u00e9 et d&rsquo;ing\u00e9niosit\u00e9 pour r\u00e9aliser des costumes sur le th\u00e8me des quatre \u00e9l\u00e9ments. <\/p>\n\n\n\n<p class=\"has-medium-font-size\">Accompagn\u00e9s par la Batucada des CM1B, les classes ont travers\u00e9 l&rsquo;\u00e9tablissement pour d\u00e9filer sur l&rsquo;estrade de la cour du secondaire.<\/p>\n\n\n\n<div class=\"container-wrapper-genially\" style=\"position: relative; min-height: 400px; max-width: 100%;\"><img decoding=\"async\" src=\"https:\/\/img.genial.ly\/5f99550806f0246472b8b699\/8e09bccd-b479-44da-a788-ccf795dfce9a.png\" class=\"loader-genially\" style=\"position: absolute; top: 0; right: 0; bottom: 0; left: 0; margin-top: auto; margin-right: auto; margin-bottom: auto; margin-left: auto; z-index: 1;width: 80px; height: 80px;\"><div id=\"62c20fe035fe71001818e940\" class=\"genially-embed\" style=\"margin: 0px auto; position: relative; height: auto; width: 100%;\"><\/div><\/div><script>(function (d) { var js, id = \"genially-embed-js\", ref = d.getElementsByTagName(\"script\")[0]; if (d.getElementById(id)) { return; } js = d.createElement(\"script\"); js.id = id; js.async = true; js.src = \"https:\/\/view.genial.ly\/static\/embed\/embed.js\"; ref.parentNode.insertBefore(js, ref); }(document));<\/script>\n","protected":false},"excerpt":{"rendered":"<p>Le 11 f\u00e9vrier, les \u00e9l\u00e8ves de l&rsquo;\u00e9l\u00e9mentaire ont d\u00e9fil\u00e9 dans l&rsquo;\u00e9tablissement pour le carnaval. El\u00e8ves et enseignants ont redoubl\u00e9 de cr\u00e9ativit\u00e9 et d&rsquo;ing\u00e9niosit\u00e9 pour r\u00e9aliser des costumes sur le th\u00e8me des quatre \u00e9l\u00e9ments. Accompagn\u00e9s par la Batucada des CM1B, les classes ont travers\u00e9 l&rsquo;\u00e9tablissement pour d\u00e9filer sur l&rsquo;estrade de la cour du secondaire.<\/p>\n","protected":false},"author":3,"featured_media":4269,"comment_status":"closed","ping_status":"closed","sticky":false,"template":"","format":"standard","meta":{"footnotes":""},"categories":[195,4],"tags":[34,77,42,65],"class_list":["post-4268","post","type-post","status-publish","format-standard","has-post-thumbnail","hentry","category-annee-2021-2022","category-bloc-accueil-principal","tag-aefe","tag-carnaval","tag-ecole-francaise","tag-ecole-primaire"],"jetpack_featured_media_url":"https:\/\/www.libertebko.org\/wp-content\/uploads\/2022\/07\/2022-Carnaval-banniere.png","_links":{"self":[{"href":"https:\/\/www.libertebko.org\/index.php?rest_route=\/wp\/v2\/posts\/4268","targetHints":{"allow":["GET"]}}],"collection":[{"href":"https:\/\/www.libertebko.org\/index.php?rest_route=\/wp\/v2\/posts"}],"about":[{"href":"https:\/\/www.libertebko.org\/index.php?rest_route=\/wp\/v2\/types\/post"}],"author":[{"embeddable":true,"href":"https:\/\/www.libertebko.org\/index.php?rest_route=\/wp\/v2\/users\/3"}],"replies":[{"embeddable":true,"href":"https:\/\/www.libertebko.org\/index.php?rest_route=%2Fwp%2Fv2%2Fcomments&post=4268"}],"version-history":[{"count":3,"href":"https:\/\/www.libertebko.org\/index.php?rest_route=\/wp\/v2\/posts\/4268\/revisions"}],"predecessor-version":[{"id":4371,"href":"https:\/\/www.libertebko.org\/index.php?rest_route=\/wp\/v2\/posts\/4268\/revisions\/4371"}],"wp:featuredmedia":[{"embeddable":true,"href":"https:\/\/www.libertebko.org\/index.php?rest_route=\/wp\/v2\/media\/4269"}],"wp:attachment":[{"href":"https:\/\/www.libertebko.org\/index.php?rest_route=%2Fwp%2Fv2%2Fmedia&parent=4268"}],"wp:term":[{"taxonomy":"category","embeddable":true,"href":"https:\/\/www.libertebko.org\/index.php?rest_route=%2Fwp%2Fv2%2Fcategories&post=4268"},{"taxonomy":"post_tag","embeddable":true,"href":"https:\/\/www.libertebko.org\/index.php?rest_route=%2Fwp%2Fv2%2Ftags&post=4268"}],"curies":[{"name":"wp","href":"https:\/\/api.w.org\/{rel}","templated":true}]}}