{"id":4231,"date":"2022-06-27T23:59:04","date_gmt":"2022-06-27T21:59:04","guid":{"rendered":"https:\/\/www.libertebko.org\/?p=4231"},"modified":"2022-06-29T19:28:37","modified_gmt":"2022-06-29T17:28:37","slug":"retour-sur-les-resultats-du-concours-tous-ensemble-avec-lespagnol","status":"publish","type":"post","link":"https:\/\/www.libertebko.org\/?p=4231","title":{"rendered":"Retour sur &#8230; les r\u00e9sultats du concours \u00ab\u00a0tous ensemble avec l&rsquo;espagnol\u00a0\u00bb"},"content":{"rendered":"\n<p class=\"has-medium-font-size\">Suite au concours&nbsp;<em>Relatos cortos<\/em>&nbsp;organis\u00e9 par l&rsquo;ambassade d&rsquo;Espagne, son Excellence l&rsquo;ambassadeur d&rsquo;Espagne, Jos\u00e9 Hornero Gomez, a re\u00e7u les 13 finalistes dont 12 proviennent de l&rsquo;\u00e9tablissement Libert\u00e9. Le consul d&rsquo;Espagne, Luis Garcia de Lomas, a&nbsp;pr\u00e9sid\u00e9 cette c\u00e9r\u00e9monie. Les trois gagnants ont lu et re\u00e7u&nbsp;un prix en pr\u00e9sence de l&rsquo;inspectrice g\u00e9n\u00e9rale de Bamako, du lecteur, de leur famille et de leurs professeurs. <\/p>\n\n\n\n<p class=\"has-medium-font-size\">Apr\u00e8s avoir f\u00e9licit\u00e9 l&rsquo;ensemble des candidats, son Excellence l&rsquo;ambassadeur d&rsquo;Espagne a convi\u00e9 ses h\u00f4tes \u00e0 go\u00fbter&nbsp;des plats traditionnels espagnols tout en \u00e9changeant avec eux en espagnol.<\/p>\n\n\n\n<p><\/p>\n\n\n\n<figure class=\"wp-block-embed is-type-video is-provider-youtube wp-block-embed-youtube wp-embed-aspect-16-9 wp-has-aspect-ratio\"><div class=\"wp-block-embed__wrapper\">\n<iframe loading=\"lazy\" title=\"Concours d&#039;histoires courtes en espagnol\" width=\"640\" height=\"360\" src=\"https:\/\/www.youtube.com\/embed\/57J5XX4rHwE?feature=oembed\" frameborder=\"0\" allow=\"accelerometer; autoplay; clipboard-write; encrypted-media; gyroscope; picture-in-picture; web-share\" referrerpolicy=\"strict-origin-when-cross-origin\" allowfullscreen><\/iframe>\n<\/div><\/figure>\n\n\n\n<p class=\"has-medium-font-size\">Bravo \u00e0 l&rsquo;ensemble des participants et \u00e0 leurs professeurs.<\/p>\n\n\n\n<p><\/p>\n\n\n\n<p class=\"has-medium-font-size\">D\u00e9couvrez les textes \u00e9crits par nos \u00e9l\u00e8ves.  <\/p>\n\n\n\n<iframe loading=\"lazy\" src=\"https:\/\/digipad.app\/p\/183484\/1f13256d2975f\" frameborder=\"0\" width=\"100%\" height=\"500\"><\/iframe>\n","protected":false},"excerpt":{"rendered":"<p>Suite au concours\u00a0Relatos cortos\u00a0organis\u00e9 par l&rsquo;ambassade d&rsquo;Espagne, son Excellence l&rsquo;ambassadeur d&rsquo;Espagne, Jos\u00e9 Hornero Gomez, a re\u00e7u les 13 finalistes dont 12 proviennent de l&rsquo;\u00e9tablissement Libert\u00e9.<\/p>\n","protected":false},"author":2,"featured_media":4247,"comment_status":"closed","ping_status":"closed","sticky":false,"template":"","format":"standard","meta":{"footnotes":""},"categories":[195,4],"tags":[34,55,238,43,78],"class_list":["post-4231","post","type-post","status-publish","format-standard","has-post-thumbnail","hentry","category-annee-2021-2022","category-bloc-accueil-principal","tag-aefe","tag-bamako","tag-espagnol","tag-lycee-francais","tag-mai-des-langues"],"jetpack_featured_media_url":"https:\/\/www.libertebko.org\/wp-content\/uploads\/2022\/06\/banniere_resultats-concours-despagnol-.png","_links":{"self":[{"href":"https:\/\/www.libertebko.org\/index.php?rest_route=\/wp\/v2\/posts\/4231","targetHints":{"allow":["GET"]}}],"collection":[{"href":"https:\/\/www.libertebko.org\/index.php?rest_route=\/wp\/v2\/posts"}],"about":[{"href":"https:\/\/www.libertebko.org\/index.php?rest_route=\/wp\/v2\/types\/post"}],"author":[{"embeddable":true,"href":"https:\/\/www.libertebko.org\/index.php?rest_route=\/wp\/v2\/users\/2"}],"replies":[{"embeddable":true,"href":"https:\/\/www.libertebko.org\/index.php?rest_route=%2Fwp%2Fv2%2Fcomments&post=4231"}],"version-history":[{"count":11,"href":"https:\/\/www.libertebko.org\/index.php?rest_route=\/wp\/v2\/posts\/4231\/revisions"}],"predecessor-version":[{"id":4258,"href":"https:\/\/www.libertebko.org\/index.php?rest_route=\/wp\/v2\/posts\/4231\/revisions\/4258"}],"wp:featuredmedia":[{"embeddable":true,"href":"https:\/\/www.libertebko.org\/index.php?rest_route=\/wp\/v2\/media\/4247"}],"wp:attachment":[{"href":"https:\/\/www.libertebko.org\/index.php?rest_route=%2Fwp%2Fv2%2Fmedia&parent=4231"}],"wp:term":[{"taxonomy":"category","embeddable":true,"href":"https:\/\/www.libertebko.org\/index.php?rest_route=%2Fwp%2Fv2%2Fcategories&post=4231"},{"taxonomy":"post_tag","embeddable":true,"href":"https:\/\/www.libertebko.org\/index.php?rest_route=%2Fwp%2Fv2%2Ftags&post=4231"}],"curies":[{"name":"wp","href":"https:\/\/api.w.org\/{rel}","templated":true}]}}