{"id":4203,"date":"2022-06-24T00:45:12","date_gmt":"2022-06-23T22:45:12","guid":{"rendered":"https:\/\/www.libertebko.org\/?p=4203"},"modified":"2022-06-24T12:48:47","modified_gmt":"2022-06-24T10:48:47","slug":"liberte-recrute-pour-la-rentree-de-septembre-2022","status":"publish","type":"post","link":"https:\/\/www.libertebko.org\/?p=4203","title":{"rendered":"Libert\u00e9 recrute pour la rentr\u00e9e de septembre 2022"},"content":{"rendered":"\n<p> L&rsquo;\u00c9tablissement Libert\u00e9 recrute un enseignant en espagnol et un enseignant en histoire-g\u00e9ographie et EMC dans le cadre d&rsquo;un cong\u00e9 maternit\u00e9. <\/p>\n\n\n\n<div class=\"wp-block-buttons is-content-justification-center is-layout-flex wp-block-buttons-is-layout-flex\">\n<div class=\"wp-block-button\"><a class=\"wp-block-button__link\" href=\"https:\/\/www.libertebko.org\/?page_id=951\" target=\"_blank\" rel=\"noreferrer noopener\">Cliquez ici pour consulter les offres d&#8217;emplois<\/a><\/div>\n<\/div>\n","protected":false},"excerpt":{"rendered":"<p>L&rsquo;\u00c9tablissement Libert\u00e9 recrute un enseignant en espagnol et un enseignant en histoire-g\u00e9ographie et EMC dans le cadre d&rsquo;un cong\u00e9 maternit\u00e9.<\/p>\n","protected":false},"author":1,"featured_media":3845,"comment_status":"closed","ping_status":"closed","sticky":false,"template":"","format":"standard","meta":{"footnotes":""},"categories":[4],"tags":[34,55,63,52,64],"class_list":["post-4203","post","type-post","status-publish","format-standard","has-post-thumbnail","hentry","category-bloc-accueil-principal","tag-aefe","tag-bamako","tag-emploi","tag-etablissement-liberte","tag-professeur"],"jetpack_featured_media_url":"https:\/\/www.libertebko.org\/wp-content\/uploads\/2022\/05\/Banniere_recrutement-contrats-loc-.png","_links":{"self":[{"href":"https:\/\/www.libertebko.org\/index.php?rest_route=\/wp\/v2\/posts\/4203","targetHints":{"allow":["GET"]}}],"collection":[{"href":"https:\/\/www.libertebko.org\/index.php?rest_route=\/wp\/v2\/posts"}],"about":[{"href":"https:\/\/www.libertebko.org\/index.php?rest_route=\/wp\/v2\/types\/post"}],"author":[{"embeddable":true,"href":"https:\/\/www.libertebko.org\/index.php?rest_route=\/wp\/v2\/users\/1"}],"replies":[{"embeddable":true,"href":"https:\/\/www.libertebko.org\/index.php?rest_route=%2Fwp%2Fv2%2Fcomments&post=4203"}],"version-history":[{"count":2,"href":"https:\/\/www.libertebko.org\/index.php?rest_route=\/wp\/v2\/posts\/4203\/revisions"}],"predecessor-version":[{"id":4224,"href":"https:\/\/www.libertebko.org\/index.php?rest_route=\/wp\/v2\/posts\/4203\/revisions\/4224"}],"wp:featuredmedia":[{"embeddable":true,"href":"https:\/\/www.libertebko.org\/index.php?rest_route=\/wp\/v2\/media\/3845"}],"wp:attachment":[{"href":"https:\/\/www.libertebko.org\/index.php?rest_route=%2Fwp%2Fv2%2Fmedia&parent=4203"}],"wp:term":[{"taxonomy":"category","embeddable":true,"href":"https:\/\/www.libertebko.org\/index.php?rest_route=%2Fwp%2Fv2%2Fcategories&post=4203"},{"taxonomy":"post_tag","embeddable":true,"href":"https:\/\/www.libertebko.org\/index.php?rest_route=%2Fwp%2Fv2%2Ftags&post=4203"}],"curies":[{"name":"wp","href":"https:\/\/api.w.org\/{rel}","templated":true}]}}