{"id":4139,"date":"2022-06-16T00:06:27","date_gmt":"2022-06-15T22:06:27","guid":{"rendered":"https:\/\/www.libertebko.org\/?p=4139"},"modified":"2022-06-30T02:45:09","modified_gmt":"2022-06-30T00:45:09","slug":"le-mai-des-langues-edition-2022","status":"publish","type":"post","link":"https:\/\/www.libertebko.org\/?p=4139","title":{"rendered":"Le mai des langues &#8211; \u00e9dition 2022"},"content":{"rendered":"\n<p class=\"has-medium-font-size\">Pour cette deuxi\u00e8me \u00e9dition, durant tout le mois de mai, des projets linguistiques et culturels sur le th\u00e8me \u00ab Les langues \u00e0 l\u2019affiche : les langues font le spectacle \u00bb seront mis en \u0153uvre au sein de l&rsquo;\u00e9tablissement Libert\u00e9. <\/p>\n\n\n\n<p class=\"has-medium-font-size\">Voici une petite s\u00e9lection des travaux&nbsp;:<\/p>\n\n\n\n<p class=\"has-large-font-size\"><strong>PROJET N\u00b01 :<\/strong> <\/p>\n\n\n\n<p class=\"has-medium-font-size\">Dans le cadre du Mai des Langues et suite \u00e0 une s\u00e9quence&nbsp;<em>La era de la (des)informacion<\/em>&nbsp;inscrite dans l&rsquo;axe&nbsp;Citoyennet\u00e9 et mondes virtuels, les \u00e9l\u00e8ves de 1D et E ont tout d&rsquo;abord cr\u00e9\u00e9 un padlet avec des fausses informations. \u00c0 partir de ce padlet, il ont fait des repr\u00e9sentations th\u00e9\u00e2trales pour d\u00e9montrer qu&rsquo;il s&rsquo;agissait de fausses informations.Bravo \u00e0 eux!\u00a0\u00bb<\/p>\n\n\n\n<iframe loading=\"lazy\" src=\"https:\/\/digipad.app\/p\/180374\/5070f670dd77d\" frameborder=\"0\" width=\"100%\" height=\"500\"><\/iframe>\n\n\n\n<figure class=\"wp-block-embed is-type-video is-provider-youtube wp-block-embed-youtube wp-embed-aspect-16-9 wp-has-aspect-ratio\"><div class=\"wp-block-embed__wrapper\">\n<iframe loading=\"lazy\" title=\"fake news 1\" width=\"640\" height=\"360\" src=\"https:\/\/www.youtube.com\/embed\/Ks2Sry6dfjM?feature=oembed\" frameborder=\"0\" allow=\"accelerometer; autoplay; clipboard-write; encrypted-media; gyroscope; picture-in-picture; web-share\" referrerpolicy=\"strict-origin-when-cross-origin\" allowfullscreen><\/iframe>\n<\/div><\/figure>\n\n\n\n<figure class=\"wp-block-embed is-type-video is-provider-youtube wp-block-embed-youtube wp-embed-aspect-16-9 wp-has-aspect-ratio\"><div class=\"wp-block-embed__wrapper\">\n<iframe loading=\"lazy\" title=\"fake news 2\" width=\"640\" height=\"360\" src=\"https:\/\/www.youtube.com\/embed\/Dm6c7WLgyR4?feature=oembed\" frameborder=\"0\" allow=\"accelerometer; autoplay; clipboard-write; encrypted-media; gyroscope; picture-in-picture; web-share\" referrerpolicy=\"strict-origin-when-cross-origin\" allowfullscreen><\/iframe>\n<\/div><\/figure>\n\n\n\n<figure class=\"wp-block-embed is-type-video is-provider-youtube wp-block-embed-youtube wp-embed-aspect-16-9 wp-has-aspect-ratio\"><div class=\"wp-block-embed__wrapper\">\n<iframe loading=\"lazy\" title=\"fake news 3\" width=\"640\" height=\"360\" src=\"https:\/\/www.youtube.com\/embed\/0tUPfEFqNq4?feature=oembed\" frameborder=\"0\" allow=\"accelerometer; autoplay; clipboard-write; encrypted-media; gyroscope; picture-in-picture; web-share\" referrerpolicy=\"strict-origin-when-cross-origin\" allowfullscreen><\/iframe>\n<\/div><\/figure>\n\n\n\n<figure class=\"wp-block-embed is-type-video is-provider-youtube wp-block-embed-youtube wp-embed-aspect-16-9 wp-has-aspect-ratio\"><div class=\"wp-block-embed__wrapper\">\n<iframe loading=\"lazy\" title=\"fake news 4\" width=\"640\" height=\"360\" src=\"https:\/\/www.youtube.com\/embed\/M_2YisCvm-M?feature=oembed\" frameborder=\"0\" allow=\"accelerometer; autoplay; clipboard-write; encrypted-media; gyroscope; picture-in-picture; web-share\" referrerpolicy=\"strict-origin-when-cross-origin\" allowfullscreen><\/iframe>\n<\/div><\/figure>\n\n\n\n<figure class=\"wp-block-embed is-type-video is-provider-youtube wp-block-embed-youtube wp-embed-aspect-16-9 wp-has-aspect-ratio\"><div class=\"wp-block-embed__wrapper\">\n<iframe loading=\"lazy\" title=\"fake news 5\" width=\"640\" height=\"360\" src=\"https:\/\/www.youtube.com\/embed\/AKc4HsAgXcw?feature=oembed\" frameborder=\"0\" allow=\"accelerometer; autoplay; clipboard-write; encrypted-media; gyroscope; picture-in-picture; web-share\" referrerpolicy=\"strict-origin-when-cross-origin\" allowfullscreen><\/iframe>\n<\/div><\/figure>\n\n\n\n<p class=\"has-large-font-size\"><strong>PROJET N\u00b0 2 :<\/strong> <\/p>\n\n\n\n<p class=\"has-medium-font-size\">Les \u00e9l\u00e8ves de 5e de M. Simonin ont r\u00e9alis\u00e9 des sayn\u00e8tes humoristiques en espagnol.<\/p>\n\n\n\n<figure class=\"wp-block-embed is-type-video is-provider-youtube wp-block-embed-youtube wp-embed-aspect-16-9 wp-has-aspect-ratio\"><div class=\"wp-block-embed__wrapper\">\n<iframe loading=\"lazy\" title=\"Mai des langues 2022\" width=\"640\" height=\"360\" src=\"https:\/\/www.youtube.com\/embed\/QmurcUFNRQM?feature=oembed\" frameborder=\"0\" allow=\"accelerometer; autoplay; clipboard-write; encrypted-media; gyroscope; picture-in-picture; web-share\" referrerpolicy=\"strict-origin-when-cross-origin\" allowfullscreen><\/iframe>\n<\/div><\/figure>\n\n\n\n<figure class=\"wp-block-embed is-type-video is-provider-youtube wp-block-embed-youtube wp-embed-aspect-16-9 wp-has-aspect-ratio\"><div class=\"wp-block-embed__wrapper\">\n<iframe loading=\"lazy\" title=\"Mai des langues  2022\" width=\"640\" height=\"360\" src=\"https:\/\/www.youtube.com\/embed\/vwr2r7N2MgM?feature=oembed\" frameborder=\"0\" allow=\"accelerometer; autoplay; clipboard-write; encrypted-media; gyroscope; picture-in-picture; web-share\" referrerpolicy=\"strict-origin-when-cross-origin\" allowfullscreen><\/iframe>\n<\/div><\/figure>\n\n\n\n<figure class=\"wp-block-embed is-type-video is-provider-youtube wp-block-embed-youtube wp-embed-aspect-16-9 wp-has-aspect-ratio\"><div class=\"wp-block-embed__wrapper\">\n<iframe loading=\"lazy\" title=\"Mai des langues 2022\" width=\"640\" height=\"360\" src=\"https:\/\/www.youtube.com\/embed\/DbBD9Dooskk?feature=oembed\" frameborder=\"0\" allow=\"accelerometer; autoplay; clipboard-write; encrypted-media; gyroscope; picture-in-picture; web-share\" referrerpolicy=\"strict-origin-when-cross-origin\" allowfullscreen><\/iframe>\n<\/div><\/figure>\n\n\n\n<p class=\"has-large-font-size\"><strong>PROJET N\u00b0 3 : <\/strong><\/p>\n\n\n\n<p class=\"has-medium-font-size\">Les 4eme A, B, D et E ont, quant \u00e0 eux,  r\u00e9alis\u00e9 des affiches afin de sensibiliser leurs camarades \u00e0 l\u2019\u00e9cologie. Tout \u00e7a en espagnol bien s\u00fbr&nbsp;!&nbsp;<\/p>\n\n\n\n<iframe loading=\"lazy\" src=\"https:\/\/digipad.app\/p\/179432\/15047eaabd8ba\" width=\"100%\" height=\"500\" frameborder=\"0\"><\/iframe>\n\n\n\n<p class=\"has-large-font-size\"><strong>PROJET N\u00b0 4 :<\/strong> <\/p>\n\n\n\n<p class=\"has-medium-font-size\">Les \u00e9l\u00e8ves CE2 de Mme Wilhelm&nbsp;Marion et de seconde E de M. Simonin Fran\u00e7ois ont cr\u00e9\u00e9 des courts m\u00e9trages en espagnol, anglais, bambara et fran\u00e7ais sur les gestes \u00e9cologiques \u00e0 adopter par tous au sein de l&rsquo;\u00e9tablissement. Les \u00e9l\u00e8ves de seconde ont enseign\u00e9 au cours du Mai des Langues l&rsquo;espagnol et l&rsquo;anglais aux \u00e9l\u00e8ves de CE2. Ils ont cr\u00e9\u00e9 diff\u00e9rents sc\u00e9narios dans le cadre du Mai des Langues et le projet EF3D de l&rsquo;\u00e9tablissement Libert\u00e9.\u00a0\u00bb<\/p>\n\n\n\n<p class=\"has-medium-font-size\">Bon visionnage!<\/p>\n\n\n\n<figure class=\"wp-block-embed is-type-video is-provider-youtube wp-block-embed-youtube wp-embed-aspect-16-9 wp-has-aspect-ratio\"><div class=\"wp-block-embed__wrapper\">\n<iframe loading=\"lazy\" title=\"ANGLAIS 1\" width=\"640\" height=\"360\" src=\"https:\/\/www.youtube.com\/embed\/MgvHjCRxFjY?feature=oembed\" frameborder=\"0\" allow=\"accelerometer; autoplay; clipboard-write; encrypted-media; gyroscope; picture-in-picture; web-share\" referrerpolicy=\"strict-origin-when-cross-origin\" allowfullscreen><\/iframe>\n<\/div><\/figure>\n\n\n\n<figure class=\"wp-block-embed is-type-video is-provider-youtube wp-block-embed-youtube wp-embed-aspect-16-9 wp-has-aspect-ratio\"><div class=\"wp-block-embed__wrapper\">\n<iframe loading=\"lazy\" title=\"Bambara 1\" width=\"640\" height=\"360\" src=\"https:\/\/www.youtube.com\/embed\/yF5n8Mm3vq4?feature=oembed\" frameborder=\"0\" allow=\"accelerometer; autoplay; clipboard-write; encrypted-media; gyroscope; picture-in-picture; web-share\" referrerpolicy=\"strict-origin-when-cross-origin\" allowfullscreen><\/iframe>\n<\/div><\/figure>\n\n\n\n<figure class=\"wp-block-embed is-type-video is-provider-youtube wp-block-embed-youtube wp-embed-aspect-16-9 wp-has-aspect-ratio\"><div class=\"wp-block-embed__wrapper\">\n<iframe loading=\"lazy\" title=\"Espagnol 1\" width=\"640\" height=\"360\" src=\"https:\/\/www.youtube.com\/embed\/eUT9NiiG27g?feature=oembed\" frameborder=\"0\" allow=\"accelerometer; autoplay; clipboard-write; encrypted-media; gyroscope; picture-in-picture; web-share\" referrerpolicy=\"strict-origin-when-cross-origin\" allowfullscreen><\/iframe>\n<\/div><\/figure>\n\n\n\n<figure class=\"wp-block-embed is-type-video is-provider-youtube wp-block-embed-youtube wp-embed-aspect-16-9 wp-has-aspect-ratio\"><div class=\"wp-block-embed__wrapper\">\n<iframe loading=\"lazy\" title=\"Fran\u00e7ais 1\" width=\"640\" height=\"360\" src=\"https:\/\/www.youtube.com\/embed\/ms2MKYY-FFQ?feature=oembed\" frameborder=\"0\" allow=\"accelerometer; autoplay; clipboard-write; encrypted-media; gyroscope; picture-in-picture; web-share\" referrerpolicy=\"strict-origin-when-cross-origin\" allowfullscreen><\/iframe>\n<\/div><\/figure>\n\n\n\n<p class=\"has-large-font-size\"><strong>PROJET N\u00b0 5 : <\/strong><\/p>\n\n\n\n<p class=\"has-medium-font-size\">Quel est ton mot favoris ? C&rsquo;est \u00e0 cette question que les \u00e9l\u00e8ves de Libert\u00e9 ont d\u00fb r\u00e9pondre en espagnol bien s\u00fbr. D\u00e9couvrez en image leur r\u00e9ponse.<\/p>\n\n\n\n<iframe loading=\"lazy\" src=\"https:\/\/digipad.app\/p\/172522\/37cb4718dc499\" width=\"100%\" height=\"500\" frameborder=\"0\"><\/iframe>\n\n\n\n<p class=\"has-large-font-size\">PROJET N\u00b0 6 : <\/p>\n\n\n\n<p class=\"has-medium-font-size\">The premiere classes with Mme Alile-Martin created a mini advert on issues dear to them : <\/p>\n\n\n\n<ul class=\"has-medium-font-size wp-block-list\"><li>&#8211; Women&rsquo;s rights and independence <\/li><li>&#8211; Domestic violence, <\/li><li>&#8211; Emancipation of women <\/li><li>&#8211; Skin bleaching\/colorism<\/li><\/ul>\n\n\n\n<p><\/p>\n\n\n\n<figure class=\"wp-block-embed is-type-video is-provider-youtube wp-block-embed-youtube wp-embed-aspect-16-9 wp-has-aspect-ratio\"><div class=\"wp-block-embed__wrapper\">\n<iframe loading=\"lazy\" title=\"MDL 2022 _video 1\" width=\"640\" height=\"360\" src=\"https:\/\/www.youtube.com\/embed\/O5vEg8fMXrc?feature=oembed\" frameborder=\"0\" allow=\"accelerometer; autoplay; clipboard-write; encrypted-media; gyroscope; picture-in-picture; web-share\" referrerpolicy=\"strict-origin-when-cross-origin\" allowfullscreen><\/iframe>\n<\/div><\/figure>\n\n\n\n<figure class=\"wp-block-embed is-type-video is-provider-youtube wp-block-embed-youtube wp-embed-aspect-16-9 wp-has-aspect-ratio\"><div class=\"wp-block-embed__wrapper\">\n<iframe loading=\"lazy\" title=\"MDL 2022 _ vid\u00e9o 2\" width=\"640\" height=\"360\" src=\"https:\/\/www.youtube.com\/embed\/FMOY2kmmheY?feature=oembed\" frameborder=\"0\" allow=\"accelerometer; autoplay; clipboard-write; encrypted-media; gyroscope; picture-in-picture; web-share\" referrerpolicy=\"strict-origin-when-cross-origin\" allowfullscreen><\/iframe>\n<\/div><\/figure>\n\n\n\n<figure class=\"wp-block-embed is-type-video is-provider-youtube wp-block-embed-youtube wp-embed-aspect-16-9 wp-has-aspect-ratio\"><div class=\"wp-block-embed__wrapper\">\n<iframe loading=\"lazy\" title=\"MDL 2022_video 3\" width=\"640\" height=\"360\" src=\"https:\/\/www.youtube.com\/embed\/PLtNArwRQzk?feature=oembed\" frameborder=\"0\" allow=\"accelerometer; autoplay; clipboard-write; encrypted-media; gyroscope; picture-in-picture; web-share\" referrerpolicy=\"strict-origin-when-cross-origin\" allowfullscreen><\/iframe>\n<\/div><\/figure>\n\n\n\n<figure class=\"wp-block-embed is-type-video is-provider-youtube wp-block-embed-youtube wp-embed-aspect-16-9 wp-has-aspect-ratio\"><div class=\"wp-block-embed__wrapper\">\n<iframe loading=\"lazy\" title=\"MDL 2022_vid\u00e9o 4\" width=\"640\" height=\"360\" src=\"https:\/\/www.youtube.com\/embed\/Ppbev2ml30s?feature=oembed\" frameborder=\"0\" allow=\"accelerometer; autoplay; clipboard-write; encrypted-media; gyroscope; picture-in-picture; web-share\" referrerpolicy=\"strict-origin-when-cross-origin\" allowfullscreen><\/iframe>\n<\/div><\/figure>\n","protected":false},"excerpt":{"rendered":"<p>Pour cette deuxi\u00e8me \u00e9dition, durant tout le mois de mai, des projets linguistiques et culturels sur le th\u00e8me \u00ab Les langues \u00e0 l\u2019affiche : les langues font le spectacle \u00bb seront mis en \u0153uvre au sein de l&rsquo;\u00e9tablissement Libert\u00e9.<\/p>\n","protected":false},"author":2,"featured_media":4142,"comment_status":"closed","ping_status":"closed","sticky":false,"template":"","format":"standard","meta":{"footnotes":""},"categories":[195,4],"tags":[240,103,238,78],"class_list":["post-4139","post","type-post","status-publish","format-standard","has-post-thumbnail","hentry","category-annee-2021-2022","category-bloc-accueil-principal","tag-anglais","tag-concours","tag-espagnol","tag-mai-des-langues"],"jetpack_featured_media_url":"https:\/\/www.libertebko.org\/wp-content\/uploads\/2022\/06\/banniere_-mai-des-langues.png","_links":{"self":[{"href":"https:\/\/www.libertebko.org\/index.php?rest_route=\/wp\/v2\/posts\/4139","targetHints":{"allow":["GET"]}}],"collection":[{"href":"https:\/\/www.libertebko.org\/index.php?rest_route=\/wp\/v2\/posts"}],"about":[{"href":"https:\/\/www.libertebko.org\/index.php?rest_route=\/wp\/v2\/types\/post"}],"author":[{"embeddable":true,"href":"https:\/\/www.libertebko.org\/index.php?rest_route=\/wp\/v2\/users\/2"}],"replies":[{"embeddable":true,"href":"https:\/\/www.libertebko.org\/index.php?rest_route=%2Fwp%2Fv2%2Fcomments&post=4139"}],"version-history":[{"count":33,"href":"https:\/\/www.libertebko.org\/index.php?rest_route=\/wp\/v2\/posts\/4139\/revisions"}],"predecessor-version":[{"id":4219,"href":"https:\/\/www.libertebko.org\/index.php?rest_route=\/wp\/v2\/posts\/4139\/revisions\/4219"}],"wp:featuredmedia":[{"embeddable":true,"href":"https:\/\/www.libertebko.org\/index.php?rest_route=\/wp\/v2\/media\/4142"}],"wp:attachment":[{"href":"https:\/\/www.libertebko.org\/index.php?rest_route=%2Fwp%2Fv2%2Fmedia&parent=4139"}],"wp:term":[{"taxonomy":"category","embeddable":true,"href":"https:\/\/www.libertebko.org\/index.php?rest_route=%2Fwp%2Fv2%2Fcategories&post=4139"},{"taxonomy":"post_tag","embeddable":true,"href":"https:\/\/www.libertebko.org\/index.php?rest_route=%2Fwp%2Fv2%2Ftags&post=4139"}],"curies":[{"name":"wp","href":"https:\/\/api.w.org\/{rel}","templated":true}]}}