{"id":2901,"date":"2022-02-02T20:18:26","date_gmt":"2022-02-02T19:18:26","guid":{"rendered":"https:\/\/www.libertebko.org\/?p=2901"},"modified":"2022-05-10T22:30:22","modified_gmt":"2022-05-10T20:30:22","slug":"projection-a-lifm-du-court-metrage-ne-tara","status":"publish","type":"post","link":"https:\/\/www.libertebko.org\/?p=2901","title":{"rendered":"Projection \u00e0 l&rsquo;IFM du court-m\u00e9trage Ne Tara"},"content":{"rendered":"\n<p>L\u2019an dernier, les \u00e9l\u00e8ves  scolaris\u00e9 en 2<sup>nde<\/sup>&nbsp;C  ont travaill\u00e9 un projet en classe d\u2019Histoire-G\u00e9ographie avec deux de leurs enseignantes, MM BODON ET TRAORE. Il a consist\u00e9 en la r\u00e9alisation d\u2019un film&nbsp;<strong><em>Ne tara<\/em><\/strong><em>,&nbsp;<\/em>sur le th\u00e8me de&nbsp;:&nbsp;<em>La diaspora malienne, facteur de modernit\u00e9?<\/em><\/p>\n\n\n\n<p>Ce documentaire se veut une r\u00e9flexion d\u2019ensemble sur la question, &nbsp;issue des travaux de recherches dans les diff\u00e9rentes compositions du ph\u00e9nom\u00e8ne en ce d\u00e9but de XXI\u00e8me si\u00e8cle.<\/p>\n\n\n\n<p>A travers cette production audiovisuelle collective, les \u00e9l\u00e8ves, acteurs \u00e0 part enti\u00e8re de ce processus migratoire s\u2019interrogent et nous livrent diff\u00e9rents t\u00e9moignages, l\u00e0 o\u00f9 s\u2019entrem\u00ealent des pratiques de migration traditionnelles et de nouveaux modes de mobilit\u00e9, notamment chez les \u00e9lites.<\/p>\n\n\n\n<p>Le processus migratoire malien est-il aujourd\u2019hui le signe de l\u2019av\u00e8nement d\u2019une nouvelle modernit\u00e9 ou marque-t-il la perdurance d\u2019une soci\u00e9t\u00e9 traditionnelle qui peinerait \u00e0 se moderniser&nbsp;?<\/p>\n\n\n\n<p>Dans le cadre des projets s\u00e9lectionn\u00e9s par le jury du Minist\u00e8re de l\u2019\u00c9ducation nationale et labellis\u00e9 pour la saison&nbsp;<em>Africa 2020<\/em>.&nbsp;<\/p>\n\n\n\n<p>&nbsp;La direction et les enseignantes porteuses du projet, ont ainsi eu le plaisir d&rsquo;inviter \u00e0  la&nbsp;<strong>projection de ce film&nbsp;<\/strong>les familles ce mardi 1er f\u00e9vrier, \u00e0 18h, \u00e0 l&rsquo;institut fran\u00e7ais. <\/p>\n\n\n\n<figure class=\"wp-block-gallery alignwide columns-2 is-cropped wp-block-gallery-1 is-layout-flex wp-block-gallery-is-layout-flex\"><ul class=\"blocks-gallery-grid\"><li class=\"blocks-gallery-item\"><figure><img loading=\"lazy\" decoding=\"async\" width=\"1024\" height=\"1024\" src=\"https:\/\/www.libertebko.org\/wp-content\/uploads\/2022\/02\/1-2-1024x1024.png\" alt=\"\" data-id=\"2914\" data-full-url=\"https:\/\/www.libertebko.org\/wp-content\/uploads\/2022\/02\/1-2.png\" data-link=\"https:\/\/www.libertebko.org\/?attachment_id=2914\" class=\"wp-image-2914\" srcset=\"https:\/\/www.libertebko.org\/wp-content\/uploads\/2022\/02\/1-2-1024x1024.png 1024w, https:\/\/www.libertebko.org\/wp-content\/uploads\/2022\/02\/1-2-300x300.png 300w, https:\/\/www.libertebko.org\/wp-content\/uploads\/2022\/02\/1-2-150x150.png 150w, https:\/\/www.libertebko.org\/wp-content\/uploads\/2022\/02\/1-2-768x768.png 768w, https:\/\/www.libertebko.org\/wp-content\/uploads\/2022\/02\/1-2.png 1080w\" sizes=\"auto, (max-width: 1024px) 100vw, 1024px\" \/><\/figure><\/li><li class=\"blocks-gallery-item\"><figure><img loading=\"lazy\" decoding=\"async\" width=\"940\" height=\"788\" src=\"https:\/\/www.libertebko.org\/wp-content\/uploads\/2022\/02\/2-1.png\" alt=\"\" data-id=\"2906\" data-full-url=\"https:\/\/www.libertebko.org\/wp-content\/uploads\/2022\/02\/2-1.png\" data-link=\"https:\/\/www.libertebko.org\/?attachment_id=2906\" class=\"wp-image-2906\" srcset=\"https:\/\/www.libertebko.org\/wp-content\/uploads\/2022\/02\/2-1.png 940w, https:\/\/www.libertebko.org\/wp-content\/uploads\/2022\/02\/2-1-300x251.png 300w, https:\/\/www.libertebko.org\/wp-content\/uploads\/2022\/02\/2-1-768x644.png 768w\" sizes=\"auto, (max-width: 940px) 100vw, 940px\" \/><\/figure><\/li><\/ul><\/figure>\n","protected":false},"excerpt":{"rendered":"<p>L&rsquo;an dernier, les \u00e9l\u00e8ves de 2C ont travaill\u00e9 sur le th\u00e8me : la diaspora malienne, facteur de modernit\u00e9 ? Leur travail a fait l&rsquo;objet d&rsquo;une projection \u00e0 l&rsquo;IFM ce mardi1er f\u00e9vrier 2022.<\/p>\n","protected":false},"author":2,"featured_media":2917,"comment_status":"closed","ping_status":"closed","sticky":false,"template":"","format":"standard","meta":{"footnotes":""},"categories":[195,4],"tags":[34,55,128,42,137,52,35,43,53],"class_list":["post-2901","post","type-post","status-publish","format-standard","has-post-thumbnail","hentry","category-annee-2021-2022","category-bloc-accueil-principal","tag-aefe","tag-bamako","tag-court-metrage","tag-ecole-francaise","tag-emigration","tag-etablissement-liberte","tag-liberte","tag-lycee-francais","tag-mali"],"jetpack_featured_media_url":"https:\/\/www.libertebko.org\/wp-content\/uploads\/2022\/02\/bannieres-articles.png","_links":{"self":[{"href":"https:\/\/www.libertebko.org\/index.php?rest_route=\/wp\/v2\/posts\/2901","targetHints":{"allow":["GET"]}}],"collection":[{"href":"https:\/\/www.libertebko.org\/index.php?rest_route=\/wp\/v2\/posts"}],"about":[{"href":"https:\/\/www.libertebko.org\/index.php?rest_route=\/wp\/v2\/types\/post"}],"author":[{"embeddable":true,"href":"https:\/\/www.libertebko.org\/index.php?rest_route=\/wp\/v2\/users\/2"}],"replies":[{"embeddable":true,"href":"https:\/\/www.libertebko.org\/index.php?rest_route=%2Fwp%2Fv2%2Fcomments&post=2901"}],"version-history":[{"count":5,"href":"https:\/\/www.libertebko.org\/index.php?rest_route=\/wp\/v2\/posts\/2901\/revisions"}],"predecessor-version":[{"id":2918,"href":"https:\/\/www.libertebko.org\/index.php?rest_route=\/wp\/v2\/posts\/2901\/revisions\/2918"}],"wp:featuredmedia":[{"embeddable":true,"href":"https:\/\/www.libertebko.org\/index.php?rest_route=\/wp\/v2\/media\/2917"}],"wp:attachment":[{"href":"https:\/\/www.libertebko.org\/index.php?rest_route=%2Fwp%2Fv2%2Fmedia&parent=2901"}],"wp:term":[{"taxonomy":"category","embeddable":true,"href":"https:\/\/www.libertebko.org\/index.php?rest_route=%2Fwp%2Fv2%2Fcategories&post=2901"},{"taxonomy":"post_tag","embeddable":true,"href":"https:\/\/www.libertebko.org\/index.php?rest_route=%2Fwp%2Fv2%2Ftags&post=2901"}],"curies":[{"name":"wp","href":"https:\/\/api.w.org\/{rel}","templated":true}]}}