{"id":2580,"date":"2021-11-18T00:35:00","date_gmt":"2021-11-17T23:35:00","guid":{"rendered":"https:\/\/www.libertebko.org\/?p=2580"},"modified":"2022-05-10T22:27:24","modified_gmt":"2022-05-10T20:27:24","slug":"retour-sur-la-commemoration-du-11-novembre","status":"publish","type":"post","link":"https:\/\/www.libertebko.org\/?p=2580","title":{"rendered":"Retour sur &#8230; la comm\u00e9moration du 11 novembre"},"content":{"rendered":"\n<div style=\"width: 100%;\"><div style=\"position: relative; padding-bottom: 56.25%; padding-top: 0; height: 0;\"><iframe loading=\"lazy\" frameborder=\"0\" width=\"1200\" height=\"675\" style=\"position: absolute; top: 0; left: 0; width: 100%; height: 100%;\" src=\"https:\/\/view.genial.ly\/618ec5871c961f0d11a3aa4c\" type=\"text\/html\" allowscriptaccess=\"always\" allowfullscreen=\"true\" scrolling=\"yes\" allownetworking=\"all\"><\/iframe> <\/div> <\/div>\n","protected":false},"excerpt":{"rendered":"<p>Les \u00e9l\u00e8ves de l&rsquo;\u00e9tablissement Libert\u00e9 ont \u00e9t\u00e9 invit\u00e9s \u00e0 participer \u00e0 la journ\u00e9e du souvenir \u00e0 l&rsquo;ambassade de France. Retrouvez les images de la c\u00e9r\u00e9monie<\/p>\n","protected":false},"author":2,"featured_media":2592,"comment_status":"closed","ping_status":"closed","sticky":false,"template":"","format":"standard","meta":{"footnotes":""},"categories":[195,4],"tags":[101,34,102,55,42,52,43,53],"class_list":["post-2580","post","type-post","status-publish","format-standard","has-post-thumbnail","hentry","category-annee-2021-2022","category-bloc-accueil-principal","tag-11-novembre","tag-aefe","tag-armistice","tag-bamako","tag-ecole-francaise","tag-etablissement-liberte","tag-lycee-francais","tag-mali"],"jetpack_featured_media_url":"https:\/\/www.libertebko.org\/wp-content\/uploads\/2021\/11\/banniere-fond-CDI-1-1.png","_links":{"self":[{"href":"https:\/\/www.libertebko.org\/index.php?rest_route=\/wp\/v2\/posts\/2580","targetHints":{"allow":["GET"]}}],"collection":[{"href":"https:\/\/www.libertebko.org\/index.php?rest_route=\/wp\/v2\/posts"}],"about":[{"href":"https:\/\/www.libertebko.org\/index.php?rest_route=\/wp\/v2\/types\/post"}],"author":[{"embeddable":true,"href":"https:\/\/www.libertebko.org\/index.php?rest_route=\/wp\/v2\/users\/2"}],"replies":[{"embeddable":true,"href":"https:\/\/www.libertebko.org\/index.php?rest_route=%2Fwp%2Fv2%2Fcomments&post=2580"}],"version-history":[{"count":3,"href":"https:\/\/www.libertebko.org\/index.php?rest_route=\/wp\/v2\/posts\/2580\/revisions"}],"predecessor-version":[{"id":2585,"href":"https:\/\/www.libertebko.org\/index.php?rest_route=\/wp\/v2\/posts\/2580\/revisions\/2585"}],"wp:featuredmedia":[{"embeddable":true,"href":"https:\/\/www.libertebko.org\/index.php?rest_route=\/wp\/v2\/media\/2592"}],"wp:attachment":[{"href":"https:\/\/www.libertebko.org\/index.php?rest_route=%2Fwp%2Fv2%2Fmedia&parent=2580"}],"wp:term":[{"taxonomy":"category","embeddable":true,"href":"https:\/\/www.libertebko.org\/index.php?rest_route=%2Fwp%2Fv2%2Fcategories&post=2580"},{"taxonomy":"post_tag","embeddable":true,"href":"https:\/\/www.libertebko.org\/index.php?rest_route=%2Fwp%2Fv2%2Ftags&post=2580"}],"curies":[{"name":"wp","href":"https:\/\/api.w.org\/{rel}","templated":true}]}}