{"id":1177,"date":"2021-03-06T17:47:00","date_gmt":"2021-03-06T16:47:00","guid":{"rendered":"https:\/\/www.libertebko.org\/?p=1177"},"modified":"2022-05-10T22:36:21","modified_gmt":"2022-05-10T20:36:21","slug":"les-matinees-de-lorientation","status":"publish","type":"post","link":"https:\/\/www.libertebko.org\/?p=1177","title":{"rendered":"Les matin\u00e9es de l&rsquo;orientation"},"content":{"rendered":"\n<p>Le samedi 6 mars 2021, les \u00e9l\u00e8ves de seconde et de premi\u00e8re ont \u00e9t\u00e9 invit\u00e9s \u00e0 participer \u00e0 une matin\u00e9e d\u00e9di\u00e9e \u00e0 l&rsquo;orientation.<\/p>\n\n\n\n<figure class=\"wp-block-image size-large\"><img loading=\"lazy\" decoding=\"async\" width=\"1024\" height=\"768\" src=\"https:\/\/www.libertebko.org\/wp-content\/uploads\/2021\/05\/WhatsApp-Image-2021-03-09-at-21.20.11-1024x768.jpeg\" alt=\"\" class=\"wp-image-1213\" srcset=\"https:\/\/www.libertebko.org\/wp-content\/uploads\/2021\/05\/WhatsApp-Image-2021-03-09-at-21.20.11-1024x768.jpeg 1024w, https:\/\/www.libertebko.org\/wp-content\/uploads\/2021\/05\/WhatsApp-Image-2021-03-09-at-21.20.11-300x225.jpeg 300w, https:\/\/www.libertebko.org\/wp-content\/uploads\/2021\/05\/WhatsApp-Image-2021-03-09-at-21.20.11-768x576.jpeg 768w, https:\/\/www.libertebko.org\/wp-content\/uploads\/2021\/05\/WhatsApp-Image-2021-03-09-at-21.20.11.jpeg 1080w\" sizes=\"auto, (max-width: 1024px) 100vw, 1024px\" \/><\/figure>\n","protected":false},"excerpt":{"rendered":"<p>Le samedi 6 mars 2021, les \u00e9l\u00e8ves de seconde et de premi\u00e8re ont \u00e9t\u00e9 invit\u00e9s \u00e0 participer \u00e0 une matin\u00e9e d\u00e9di\u00e9e \u00e0 l&rsquo;orientation.<\/p>\n","protected":false},"author":1,"featured_media":1452,"comment_status":"closed","ping_status":"closed","sticky":false,"template":"","format":"standard","meta":{"footnotes":""},"categories":[194,4],"tags":[36,35],"class_list":["post-1177","post","type-post","status-publish","format-standard","has-post-thumbnail","hentry","category-annee-2020-2021","category-bloc-accueil-principal","tag-etablissement-liberte-lycee-francais-bamako-ecole-francaise-liberte","tag-liberte"],"jetpack_featured_media_url":"https:\/\/www.libertebko.org\/wp-content\/uploads\/2021\/06\/matinee-de-lorientation-.png","_links":{"self":[{"href":"https:\/\/www.libertebko.org\/index.php?rest_route=\/wp\/v2\/posts\/1177","targetHints":{"allow":["GET"]}}],"collection":[{"href":"https:\/\/www.libertebko.org\/index.php?rest_route=\/wp\/v2\/posts"}],"about":[{"href":"https:\/\/www.libertebko.org\/index.php?rest_route=\/wp\/v2\/types\/post"}],"author":[{"embeddable":true,"href":"https:\/\/www.libertebko.org\/index.php?rest_route=\/wp\/v2\/users\/1"}],"replies":[{"embeddable":true,"href":"https:\/\/www.libertebko.org\/index.php?rest_route=%2Fwp%2Fv2%2Fcomments&post=1177"}],"version-history":[{"count":1,"href":"https:\/\/www.libertebko.org\/index.php?rest_route=\/wp\/v2\/posts\/1177\/revisions"}],"predecessor-version":[{"id":1214,"href":"https:\/\/www.libertebko.org\/index.php?rest_route=\/wp\/v2\/posts\/1177\/revisions\/1214"}],"wp:featuredmedia":[{"embeddable":true,"href":"https:\/\/www.libertebko.org\/index.php?rest_route=\/wp\/v2\/media\/1452"}],"wp:attachment":[{"href":"https:\/\/www.libertebko.org\/index.php?rest_route=%2Fwp%2Fv2%2Fmedia&parent=1177"}],"wp:term":[{"taxonomy":"category","embeddable":true,"href":"https:\/\/www.libertebko.org\/index.php?rest_route=%2Fwp%2Fv2%2Fcategories&post=1177"},{"taxonomy":"post_tag","embeddable":true,"href":"https:\/\/www.libertebko.org\/index.php?rest_route=%2Fwp%2Fv2%2Ftags&post=1177"}],"curies":[{"name":"wp","href":"https:\/\/api.w.org\/{rel}","templated":true}]}}